{"id":19107,"date":"2021-12-20T13:45:13","date_gmt":"2021-12-20T16:45:13","guid":{"rendered":"http:\/\/fromtv.com.br\/web\/?p=19107"},"modified":"2021-12-20T13:45:13","modified_gmt":"2021-12-20T16:45:13","slug":"errata-2","status":"publish","type":"post","link":"http:\/\/fromtv.com.br\/web\/2021\/12\/20\/errata-2\/","title":{"rendered":"ERRATA"},"content":{"rendered":"\n\n\n\n\n<div class=\"cxmmr5t8 oygrvhab hcukyx3x c1et5uql o9v6fnle ii04i59q\">\n<div dir=\"auto\">Constou no edital do dia 10 de setembro de 2021, o an\u00fancio referente ao t\u00e9rmino excepcional do mandato da 36\u00b0 gest\u00e3o no dia 31\/12\/2021, para fins de registros cartoriais fica exclu\u00eddo o item.<\/div>\n<\/div>\n<div class=\"cxmmr5t8 oygrvhab hcukyx3x c1et5uql o9v6fnle ii04i59q\">\n<div dir=\"auto\">Al\u00e9m da exclus\u00e3o da altera\u00e7\u00e3o do teor da Cl\u00e1usula 17\u00aa,3 que ser\u00e1 mantido.<\/div>\n<\/div>\n<div dir=\"auto\">\u00a0<\/div>\n<div dir=\"auto\">\u00a0<\/div>\n\n\n\n<figure class=\"wp-block-image size-large\"><a href=\"http:\/\/fromtv.com.br\/web\/wp-content\/uploads\/2021\/12\/\uad11\uace0-\uce58\uacfc-\uae40\uc9c4\uc625-\uac00\ub85c-\uc0ac\uc9c4.jpg\"><img decoding=\"async\" src=\"http:\/\/fromtv.com.br\/web\/wp-content\/uploads\/2021\/12\/\uad11\uace0-\uce58\uacfc-\uae40\uc9c4\uc625-\uac00\ub85c-\uc0ac\uc9c4-1024x293.jpg\" alt=\"\" class=\"wp-image-19005\"\/><\/a><\/figure>\n\n\n\n<figure class=\"wp-block-image size-large\"><a href=\"http:\/\/fromtv.com.br\/web\/wp-content\/uploads\/2021\/10\/\uad11\uace0-\ub300\uac74-\uc720\uce58\uc6d0-\uc6d0\uc544\ubaa8\uc9d1-\uac00\ub85c-\uc0ac\uc9c4.jpg\"><img decoding=\"async\" src=\"http:\/\/fromtv.com.br\/web\/wp-content\/uploads\/2021\/10\/\uad11\uace0-\ub300\uac74-\uc720\uce58\uc6d0-\uc6d0\uc544\ubaa8\uc9d1-\uac00\ub85c-\uc0ac\uc9c4-1024x293.jpg\" alt=\"\" class=\"wp-image-18583\"\/><\/a><\/figure>\n","protected":false},"excerpt":{"rendered":"<p>Constou no edital do dia 10 de setembro de 2021, o an\u00fancio referente ao t\u00e9rmino excepcional do mandato da 36\u00b0 gest\u00e3o no dia 31\/12\/2021, para fins de registros cartoriais fica exclu\u00eddo o item. Al\u00e9m da exclus\u00e3o da altera\u00e7\u00e3o do teor da Cl\u00e1usula 17\u00aa,3 que ser\u00e1 mantido. \u00a0 \u00a0<\/p>\n","protected":false},"author":3,"featured_media":18674,"comment_status":"open","ping_status":"open","sticky":false,"template":"","format":"standard","meta":{"footnotes":""},"categories":[5],"tags":[1847,860,2987,1468,37],"_links":{"self":[{"href":"http:\/\/fromtv.com.br\/web\/wp-json\/wp\/v2\/posts\/19107"}],"collection":[{"href":"http:\/\/fromtv.com.br\/web\/wp-json\/wp\/v2\/posts"}],"about":[{"href":"http:\/\/fromtv.com.br\/web\/wp-json\/wp\/v2\/types\/post"}],"author":[{"embeddable":true,"href":"http:\/\/fromtv.com.br\/web\/wp-json\/wp\/v2\/users\/3"}],"replies":[{"embeddable":true,"href":"http:\/\/fromtv.com.br\/web\/wp-json\/wp\/v2\/comments?post=19107"}],"version-history":[{"count":1,"href":"http:\/\/fromtv.com.br\/web\/wp-json\/wp\/v2\/posts\/19107\/revisions"}],"predecessor-version":[{"id":19108,"href":"http:\/\/fromtv.com.br\/web\/wp-json\/wp\/v2\/posts\/19107\/revisions\/19108"}],"wp:featuredmedia":[{"embeddable":true,"href":"http:\/\/fromtv.com.br\/web\/wp-json\/wp\/v2\/media\/18674"}],"wp:attachment":[{"href":"http:\/\/fromtv.com.br\/web\/wp-json\/wp\/v2\/media?parent=19107"}],"wp:term":[{"taxonomy":"category","embeddable":true,"href":"http:\/\/fromtv.com.br\/web\/wp-json\/wp\/v2\/categories?post=19107"},{"taxonomy":"post_tag","embeddable":true,"href":"http:\/\/fromtv.com.br\/web\/wp-json\/wp\/v2\/tags?post=19107"}],"curies":[{"name":"wp","href":"https:\/\/api.w.org\/{rel}","templated":true}]}}